{"id":8005,"date":"2026-03-12T10:38:43","date_gmt":"2026-03-12T10:38:43","guid":{"rendered":"https:\/\/paintnprogress.art\/?p=8005"},"modified":"2026-03-12T10:57:04","modified_gmt":"2026-03-12T10:57:04","slug":"ka-trenet-kontrasta-sajutu-gleznieciba","status":"publish","type":"post","link":"https:\/\/paintnprogress.art\/lv\/ka-trenet-kontrasta-sajutu-gleznieciba\/","title":{"rendered":"K\u0101 tren\u0113t kontrasta saj\u016btu glezniec\u012bb\u0101"},"content":{"rendered":"\n<p>Kontrasts ir viens no svar\u012bg\u0101kajiem elementiem glezniec\u012bb\u0101. Tie\u0161i kontrasts pal\u012bdz skat\u012bt\u0101jam uztvert gaismu, telpu un formu. Ja glezn\u0101 nav kontrasta, t\u0101 bie\u017ei izskat\u0101s plakana un nedz\u012bva.<\/p>\n\n\n\n<p>Gan ies\u0101c\u0113jiem, gan pieredz\u0113ju\u0161iem m\u0101ksliniekiem kontrasta saj\u016btas tren\u0113\u0161ana ir b\u016btiska da\u013ca no glezniec\u012bbas prakses. \u0160aj\u0101 rakst\u0101 apskat\u012bsim vienk\u0101r\u0161us un efekt\u012bvus vingrin\u0101jumus, kas pal\u012bdz att\u012bst\u012bt kontrasta uztveri.<\/p>\n\n\n\n<hr class=\"wp-block-separator has-alpha-channel-opacity\"\/>\n\n\n\n<h3 class=\"wp-block-heading\">Kas ir kontrasts glezniec\u012bb\u0101?<\/h3>\n\n\n\n<p>Glezniec\u012bb\u0101 kontrasts noz\u012bm\u0113 <strong>at\u0161\u0137ir\u012bbu starp elementiem<\/strong>, kas padara att\u0113lu skaidr\u0101ku un izteiksm\u012bg\u0101ku.<\/p>\n\n\n\n<p>Visbie\u017e\u0101k sastopamie kontrasta veidi ir:<\/p>\n\n\n\n<ul class=\"wp-block-list\">\n<li>ton\u0101lais kontrasts (gai\u0161s pret tum\u0161u)<\/li>\n\n\n\n<li>kr\u0101su kontrasts<\/li>\n\n\n\n<li>komplement\u0101ro kr\u0101su kontrasts<\/li>\n\n\n\n<li>silto un auksto kr\u0101su kontrasts<\/li>\n\n\n\n<li>formas kontrasts<\/li>\n<\/ul>\n\n\n\n<p>Jo lab\u0101k m\u0101kslinieks sp\u0113j izmantot kontrastu, jo sp\u0113c\u012bg\u0101ka k\u013c\u016bst kompoz\u012bcija.<\/p>\n\n\n\n<hr class=\"wp-block-separator has-alpha-channel-opacity\"\/>\n\n\n\n<h3 class=\"wp-block-heading\">1. Ton\u0101lais kontrasts \u2013 gaisma un \u0113na<\/h3>\n\n\n\n<figure class=\"wp-block-image size-full is-resized\"><img decoding=\"async\" width=\"623\" height=\"800\" src=\"https:\/\/paintnprogress.art\/wp-content\/uploads\/2026\/03\/kontrasta-sajutu-gleznieciba-3.webp\" alt=\"kontrasta saj\u016btu glezniec\u012bb\u0101 \" class=\"wp-image-8018\" style=\"aspect-ratio:0.7790073741974094;width:415px;height:auto\" srcset=\"https:\/\/paintnprogress.art\/wp-content\/uploads\/2026\/03\/kontrasta-sajutu-gleznieciba-3.webp 623w, https:\/\/paintnprogress.art\/wp-content\/uploads\/2026\/03\/kontrasta-sajutu-gleznieciba-3-234x300.webp 234w, https:\/\/paintnprogress.art\/wp-content\/uploads\/2026\/03\/kontrasta-sajutu-gleznieciba-3-9x12.webp 9w, https:\/\/paintnprogress.art\/wp-content\/uploads\/2026\/03\/kontrasta-sajutu-gleznieciba-3-600x770.webp 600w\" sizes=\"(max-width: 623px) 100vw, 623px\" \/><figcaption class=\"wp-element-caption\">kontrasta saj\u016btu glezniec\u012bb\u0101 (3)<\/figcaption><\/figure>\n\n\n\n<p>Viens no klasisk\u0101kajiem vingrin\u0101jumiem glezniec\u012bb\u0101 ir <strong>melnbalta klus\u0101 daba<\/strong>.<\/p>\n\n\n\n<p>Uzdevums:<\/p>\n\n\n\n<ul class=\"wp-block-list\">\n<li>izmantot tikai melno, balto un pel\u0113kos to\u0146us<\/li>\n\n\n\n<li>rad\u012bt vismaz <strong>5\u20137 ton\u0101l\u0101s pak\u0101pes<\/strong><\/li>\n\n\n\n<li>koncentr\u0113ties uz gaismas un \u0113nas attiec\u012bb\u0101m<\/li>\n<\/ul>\n\n\n\n<p>\u0160is vingrin\u0101jums pal\u012bdz att\u012bst\u012bt sp\u0113ju redz\u0113t formu caur gaismu.<\/p>\n\n\n\n<hr class=\"wp-block-separator has-alpha-channel-opacity\"\/>\n\n\n\n<h3 class=\"wp-block-heading\">2. Komplement\u0101ro kr\u0101su kontrasts<\/h3>\n\n\n\n<figure class=\"wp-block-image size-full is-resized\"><img decoding=\"async\" width=\"640\" height=\"640\" src=\"https:\/\/paintnprogress.art\/wp-content\/uploads\/2026\/03\/kontrasta-sajutu-gleznieciba-7.webp\" alt=\"kontrasta saj\u016btu glezniec\u012bb\u0101\" class=\"wp-image-8022\" style=\"width:394px;height:auto\" srcset=\"https:\/\/paintnprogress.art\/wp-content\/uploads\/2026\/03\/kontrasta-sajutu-gleznieciba-7.webp 640w, https:\/\/paintnprogress.art\/wp-content\/uploads\/2026\/03\/kontrasta-sajutu-gleznieciba-7-300x300.webp 300w, https:\/\/paintnprogress.art\/wp-content\/uploads\/2026\/03\/kontrasta-sajutu-gleznieciba-7-150x150.webp 150w, https:\/\/paintnprogress.art\/wp-content\/uploads\/2026\/03\/kontrasta-sajutu-gleznieciba-7-12x12.webp 12w, https:\/\/paintnprogress.art\/wp-content\/uploads\/2026\/03\/kontrasta-sajutu-gleznieciba-7-600x600.webp 600w, https:\/\/paintnprogress.art\/wp-content\/uploads\/2026\/03\/kontrasta-sajutu-gleznieciba-7-100x100.webp 100w\" sizes=\"(max-width: 640px) 100vw, 640px\" \/><figcaption class=\"wp-element-caption\">kontrasta saj\u016btu glezniec\u012bb\u0101 <\/figcaption><\/figure>\n\n\n\n<figure class=\"wp-block-image size-full is-resized\"><img decoding=\"async\" width=\"294\" height=\"298\" src=\"https:\/\/paintnprogress.art\/wp-content\/uploads\/2026\/03\/kontrasta-sajutu-gleznieciba.webp\" alt=\"kontrasta saj\u016btu glezniec\u012bb\u0101\" class=\"wp-image-8026\" style=\"width:394px;height:auto\" srcset=\"https:\/\/paintnprogress.art\/wp-content\/uploads\/2026\/03\/kontrasta-sajutu-gleznieciba.webp 294w, https:\/\/paintnprogress.art\/wp-content\/uploads\/2026\/03\/kontrasta-sajutu-gleznieciba-12x12.webp 12w, https:\/\/paintnprogress.art\/wp-content\/uploads\/2026\/03\/kontrasta-sajutu-gleznieciba-100x100.webp 100w\" sizes=\"(max-width: 294px) 100vw, 294px\" \/><figcaption class=\"wp-element-caption\">kontrasta saj\u016btu glezniec\u012bb\u0101 <\/figcaption><\/figure>\n\n\n\n<p>Komplement\u0101r\u0101s kr\u0101sas ir kr\u0101sas, kas kr\u0101su apl\u012b atrodas pret\u012b viena otrai.<\/p>\n\n\n\n<p>Piem\u0113ri:<\/p>\n\n\n\n<ul class=\"wp-block-list\">\n<li>zils un oran\u017es<\/li>\n\n\n\n<li>sarkans un za\u013c\u0161<\/li>\n\n\n\n<li>dzeltens un violets<\/li>\n<\/ul>\n\n\n\n<p>\u0160\u0101ds kr\u0101su kontrasts rada \u013coti sp\u0113c\u012bgu vizu\u0101lu spriegumu glezn\u0101.<\/p>\n\n\n\n<hr class=\"wp-block-separator has-alpha-channel-opacity\"\/>\n\n\n\n<h3 class=\"wp-block-heading\">3. Silueta kontrasts<\/h3>\n\n\n\n<figure class=\"wp-block-image size-full is-resized\"><img decoding=\"async\" width=\"600\" height=\"600\" src=\"https:\/\/paintnprogress.art\/wp-content\/uploads\/2026\/03\/kontrasta-sajutu-gleznieciba-4.webp\" alt=\"kontrasta saj\u016btu glezniec\u012bb\u0101\" class=\"wp-image-8019\" style=\"width:382px;height:auto\" srcset=\"https:\/\/paintnprogress.art\/wp-content\/uploads\/2026\/03\/kontrasta-sajutu-gleznieciba-4.webp 600w, https:\/\/paintnprogress.art\/wp-content\/uploads\/2026\/03\/kontrasta-sajutu-gleznieciba-4-300x300.webp 300w, https:\/\/paintnprogress.art\/wp-content\/uploads\/2026\/03\/kontrasta-sajutu-gleznieciba-4-150x150.webp 150w, https:\/\/paintnprogress.art\/wp-content\/uploads\/2026\/03\/kontrasta-sajutu-gleznieciba-4-12x12.webp 12w, https:\/\/paintnprogress.art\/wp-content\/uploads\/2026\/03\/kontrasta-sajutu-gleznieciba-4-100x100.webp 100w\" sizes=\"(max-width: 600px) 100vw, 600px\" \/><figcaption class=\"wp-element-caption\">kontrasta saj\u016btu glezniec\u012bb\u0101 <\/figcaption><\/figure>\n\n\n\n<p>Silueta vingrin\u0101jum\u0101 objekts tiek att\u0113lots tikai k\u0101 <strong>tum\u0161a forma uz gai\u0161a fona<\/strong>.<\/p>\n\n\n\n<p>Noteikumi:<\/p>\n\n\n\n<ul class=\"wp-block-list\">\n<li>bez deta\u013c\u0101m<\/li>\n\n\n\n<li>tikai forma<\/li>\n\n\n\n<li>koncentr\u0113ties uz kompoz\u012bciju<\/li>\n<\/ul>\n\n\n\n<p>Ja siluets ir interesants, tad ar\u012b kompoz\u012bcija b\u016bs sp\u0113c\u012bga.<\/p>\n\n\n\n<hr class=\"wp-block-separator has-alpha-channel-opacity\"\/>\n\n\n\n<h3 class=\"wp-block-heading\">4. Tr\u012bs to\u0146u glezna<\/h3>\n\n\n\n<figure class=\"wp-block-image size-full is-resized\"><img decoding=\"async\" width=\"86\" height=\"127\" src=\"https:\/\/paintnprogress.art\/wp-content\/uploads\/2026\/03\/kontrasta-sajutu-gleznieciba-2.webp\" alt=\"kontrasta saj\u016btu glezniec\u012bb\u0101\" class=\"wp-image-8017\" style=\"aspect-ratio:0.6750178490296619;width:346px;height:auto\" srcset=\"https:\/\/paintnprogress.art\/wp-content\/uploads\/2026\/03\/kontrasta-sajutu-gleznieciba-2.webp 86w, https:\/\/paintnprogress.art\/wp-content\/uploads\/2026\/03\/kontrasta-sajutu-gleznieciba-2-8x12.webp 8w\" sizes=\"(max-width: 86px) 100vw, 86px\" \/><figcaption class=\"wp-element-caption\">kontrasta saj\u016btu glezniec\u012bb\u0101 <\/figcaption><\/figure>\n\n\n\n<figure class=\"wp-block-image size-full is-resized\"><img decoding=\"async\" width=\"350\" height=\"467\" src=\"https:\/\/paintnprogress.art\/wp-content\/uploads\/2026\/03\/kontrasta-sajutu-gleznieciba-10.webp\" alt=\"kontrasta saj\u016btu glezniec\u012bb\u0101\" class=\"wp-image-8025\" style=\"aspect-ratio:0.7500805750617742;width:348px;height:auto\" srcset=\"https:\/\/paintnprogress.art\/wp-content\/uploads\/2026\/03\/kontrasta-sajutu-gleznieciba-10.webp 350w, https:\/\/paintnprogress.art\/wp-content\/uploads\/2026\/03\/kontrasta-sajutu-gleznieciba-10-225x300.webp 225w, https:\/\/paintnprogress.art\/wp-content\/uploads\/2026\/03\/kontrasta-sajutu-gleznieciba-10-9x12.webp 9w\" sizes=\"(max-width: 350px) 100vw, 350px\" \/><figcaption class=\"wp-element-caption\">kontrasta saj\u016btu glezniec\u012bb\u0101 <\/figcaption><\/figure>\n\n\n\n<p>\u0160is ir viens no efekt\u012bv\u0101kajiem akad\u0113miskajiem vingrin\u0101jumiem.<\/p>\n\n\n\n<p>At\u013cauti tikai tr\u012bs to\u0146i:<\/p>\n\n\n\n<ul class=\"wp-block-list\">\n<li>balts<\/li>\n\n\n\n<li>vid\u0113js tonis<\/li>\n\n\n\n<li>melns<\/li>\n<\/ul>\n\n\n\n<p>Tas pal\u012bdz att\u012bst\u012bt sp\u0113ju vienk\u0101r\u0161ot formu un redz\u0113t kompoz\u012bciju liel\u0101s masas l\u012bmen\u012b.<\/p>\n\n\n\n<hr class=\"wp-block-separator has-alpha-channel-opacity\"\/>\n\n\n\n<h3 class=\"wp-block-heading\">5. Silto un auksto kr\u0101su kontrasts<\/h3>\n\n\n\n<figure class=\"wp-block-image size-full is-resized\"><img decoding=\"async\" width=\"384\" height=\"271\" src=\"https:\/\/paintnprogress.art\/wp-content\/uploads\/2026\/03\/kontrasta-sajutu-gleznieciba-5.webp\" alt=\"kontrasta saj\u016btu glezniec\u012bb\u0101\" class=\"wp-image-8020\" style=\"width:377px;height:auto\" srcset=\"https:\/\/paintnprogress.art\/wp-content\/uploads\/2026\/03\/kontrasta-sajutu-gleznieciba-5.webp 384w, https:\/\/paintnprogress.art\/wp-content\/uploads\/2026\/03\/kontrasta-sajutu-gleznieciba-5-300x212.webp 300w, https:\/\/paintnprogress.art\/wp-content\/uploads\/2026\/03\/kontrasta-sajutu-gleznieciba-5-18x12.webp 18w\" sizes=\"(max-width: 384px) 100vw, 384px\" \/><figcaption class=\"wp-element-caption\">kontrasta saj\u016btu glezniec\u012bb\u0101 <\/figcaption><\/figure>\n\n\n\n<figure class=\"wp-block-image size-full is-resized\"><img decoding=\"async\" width=\"409\" height=\"220\" src=\"https:\/\/paintnprogress.art\/wp-content\/uploads\/2026\/03\/kontrasta-sajutu-gleznieciba-8.webp\" alt=\"kontrasta saj\u016btu glezniec\u012bb\u0101\" class=\"wp-image-8023\" style=\"aspect-ratio:1.8618356761632715;width:373px;height:auto\" srcset=\"https:\/\/paintnprogress.art\/wp-content\/uploads\/2026\/03\/kontrasta-sajutu-gleznieciba-8.webp 409w, https:\/\/paintnprogress.art\/wp-content\/uploads\/2026\/03\/kontrasta-sajutu-gleznieciba-8-300x161.webp 300w, https:\/\/paintnprogress.art\/wp-content\/uploads\/2026\/03\/kontrasta-sajutu-gleznieciba-8-18x10.webp 18w\" sizes=\"(max-width: 409px) 100vw, 409px\" \/><figcaption class=\"wp-element-caption\">kontrasta saj\u016btu glezniec\u012bb\u0101 <\/figcaption><\/figure>\n\n\n\n<p>Kr\u0101su temperat\u016bra ar\u012b rada kontrastu.<\/p>\n\n\n\n<p>Labs vingrin\u0101jums:<\/p>\n\n\n\n<ul class=\"wp-block-list\">\n<li>gaism\u0101 izmantot siltos to\u0146us<\/li>\n\n\n\n<li>\u0113n\u0101 izmantot aukstos to\u0146us<\/li>\n<\/ul>\n\n\n\n<p>Tas pal\u012bdz rad\u012bt telpas un gaismas saj\u016btu glezn\u0101.<\/p>\n\n\n\n<hr class=\"wp-block-separator has-alpha-channel-opacity\"\/>\n\n\n\n<h3 class=\"wp-block-heading\">K\u0101 \u0101tr\u0101k att\u012bst\u012bt kontrasta saj\u016btu?<\/h3>\n\n\n\n<p>Lai att\u012bst\u012btu kontrasta uztveri, ir svar\u012bgi:<\/p>\n\n\n\n<ul class=\"wp-block-list\">\n<li>regul\u0101ri gleznot no dabas<\/li>\n\n\n\n<li>analiz\u0113t vecmeistaru darbus<\/li>\n\n\n\n<li>veikt ton\u0101l\u0101s skices<\/li>\n\n\n\n<li>str\u0101d\u0101t ar ierobe\u017eotu kr\u0101su paleti<\/li>\n<\/ul>\n\n\n\n<p>Jo vair\u0101k m\u0101kslinieks tren\u0113 savu aci, jo lab\u0101k vi\u0146\u0161 sp\u0113j kontrol\u0113t kontrastu sav\u0101 glezn\u0101.<\/p>\n\n\n\n<hr class=\"wp-block-separator has-alpha-channel-opacity\"\/>\n\n\n\n<h3 class=\"wp-block-heading\">Glezno\u0161anas nodarb\u012bbas R\u012bg\u0101<\/h3>\n\n\n\n<p>Ja v\u0113laties praktiski tren\u0113t kr\u0101su un ton\u0101lo kontrastu, <strong>Paint&amp;Progress studij\u0101 R\u012bg\u0101 notiek glezno\u0161anas nodarb\u012bbas gan ies\u0101c\u0113jiem, gan pieredz\u0113ju\u0161iem m\u0101ksliniekiem.<\/strong><\/p>\n\n\n\n<p>Nodarb\u012bb\u0101s tiek apg\u016bti:<\/p>\n\n\n\n<ul class=\"wp-block-list\">\n<li>kr\u0101su jauk\u0161anas principi<\/li>\n\n\n\n<li>ton\u0101l\u0101 glezniec\u012bba<\/li>\n\n\n\n<li>kompoz\u012bcija<\/li>\n\n\n\n<li>gaismas un \u0113nas anal\u012bze<\/li>\n<\/ul>\n\n\n\n<p>\ud83d\udc49 <a href=\"https:\/\/paintnprogress.art\/lv\/nodarbibas\/\">Apskat\u012bt glezno\u0161anas nodarb\u012bbas<\/a><br><\/p>\n\n\n\n<p><\/p>\n","protected":false},"excerpt":{"rendered":"<p>Kontrasts ir viens no svar\u012bg\u0101kajiem elementiem glezniec\u012bb\u0101. Tie\u0161i kontrasts pal\u012bdz skat\u012bt\u0101jam uztvert gaismu, telpu un formu. Ja glezn\u0101 nav kontrasta, [&hellip;]<\/p>\n","protected":false},"author":1,"featured_media":8023,"comment_status":"open","ping_status":"open","sticky":false,"template":"","format":"standard","meta":{"_uag_custom_page_level_css":"","site-sidebar-layout":"default","site-content-layout":"","ast-site-content-layout":"default","site-content-style":"default","site-sidebar-style":"default","ast-global-header-display":"","ast-banner-title-visibility":"","ast-main-header-display":"","ast-hfb-above-header-display":"","ast-hfb-below-header-display":"","ast-hfb-mobile-header-display":"","site-post-title":"","ast-breadcrumbs-content":"","ast-featured-img":"disabled","footer-sml-layout":"","ast-disable-related-posts":"","theme-transparent-header-meta":"","adv-header-id-meta":"","stick-header-meta":"","header-above-stick-meta":"","header-main-stick-meta":"","header-below-stick-meta":"","astra-migrate-meta-layouts":"set","ast-page-background-enabled":"default","ast-page-background-meta":{"desktop":{"background-color":"","background-image":"","background-repeat":"repeat","background-position":"center center","background-size":"auto","background-attachment":"scroll","background-type":"","background-media":"","overlay-type":"","overlay-color":"","overlay-opacity":"","overlay-gradient":""},"tablet":{"background-color":"","background-image":"","background-repeat":"repeat","background-position":"center center","background-size":"auto","background-attachment":"scroll","background-type":"","background-media":"","overlay-type":"","overlay-color":"","overlay-opacity":"","overlay-gradient":""},"mobile":{"background-color":"","background-image":"","background-repeat":"repeat","background-position":"center center","background-size":"auto","background-attachment":"scroll","background-type":"","background-media":"","overlay-type":"","overlay-color":"","overlay-opacity":"","overlay-gradient":""}},"ast-content-background-meta":{"desktop":{"background-color":"var(--ast-global-color-5)","background-image":"","background-repeat":"repeat","background-position":"center center","background-size":"auto","background-attachment":"scroll","background-type":"","background-media":"","overlay-type":"","overlay-color":"","overlay-opacity":"","overlay-gradient":""},"tablet":{"background-color":"var(--ast-global-color-5)","background-image":"","background-repeat":"repeat","background-position":"center center","background-size":"auto","background-attachment":"scroll","background-type":"","background-media":"","overlay-type":"","overlay-color":"","overlay-opacity":"","overlay-gradient":""},"mobile":{"background-color":"var(--ast-global-color-5)","background-image":"","background-repeat":"repeat","background-position":"center center","background-size":"auto","background-attachment":"scroll","background-type":"","background-media":"","overlay-type":"","overlay-color":"","overlay-opacity":"","overlay-gradient":""}},"footnotes":""},"categories":[34],"tags":[154,159,156,157],"class_list":["post-8005","post","type-post","status-publish","format-standard","has-post-thumbnail","hentry","category-iesacejiem-jaunpienacejiem","tag-gleznosanas-nodarbibas-gleznosanas-vingrinajumi-kontrasts-gleznieciba-krasu-kontrasts-gleznosanas-nodarbibas-riga-makslas-studija-riga","tag-gleznosanas-nodarbibas-riga","tag-kontrasts-gleznieciba","tag-krasu-kontrasts"],"yoast_head":"<!-- This site is optimized with the Yoast SEO plugin v27.5 - https:\/\/yoast.com\/product\/yoast-seo-wordpress\/ -->\n<title>K\u0101 tren\u0113t kontrasta saj\u016btu glezniec\u012bb\u0101 - paintnprogress.art<\/title>\n<meta name=\"description\" content=\"Uzzini, k\u0101 tren\u0113t kontrasta saj\u016btu glezniec\u012bb\u0101. Praktiski vingrin\u0101jumi ar ton\u0101lo, kr\u0101su un silto\u2013auksto kontrastu ies\u0101c\u0113jiem un studentiem.\" \/>\n<meta name=\"robots\" content=\"index, follow, max-snippet:-1, max-image-preview:large, max-video-preview:-1\" \/>\n<link rel=\"canonical\" href=\"https:\/\/paintnprogress.art\/lv\/ka-trenet-kontrasta-sajutu-gleznieciba\/\" \/>\n<meta property=\"og:locale\" content=\"lv_LV\" \/>\n<meta property=\"og:type\" content=\"article\" \/>\n<meta property=\"og:title\" content=\"K\u0101 tren\u0113t kontrasta saj\u016btu glezniec\u012bb\u0101 - paintnprogress.art\" \/>\n<meta property=\"og:description\" content=\"Uzzini, k\u0101 tren\u0113t kontrasta saj\u016btu glezniec\u012bb\u0101. Praktiski vingrin\u0101jumi ar ton\u0101lo, kr\u0101su un silto\u2013auksto kontrastu ies\u0101c\u0113jiem un studentiem.\" \/>\n<meta property=\"og:url\" content=\"https:\/\/paintnprogress.art\/lv\/ka-trenet-kontrasta-sajutu-gleznieciba\/\" \/>\n<meta property=\"og:site_name\" content=\"paintnprogress.art\" \/>\n<meta property=\"article:publisher\" content=\"https:\/\/www.facebook.com\/paintnprogressart\" \/>\n<meta property=\"article:published_time\" content=\"2026-03-12T10:38:43+00:00\" \/>\n<meta property=\"article:modified_time\" content=\"2026-03-12T10:57:04+00:00\" \/>\n<meta property=\"og:image\" content=\"https:\/\/paintnprogress.art\/wp-content\/uploads\/2026\/03\/kontrasta-sajutu-gleznieciba-8.webp\" \/>\n\t<meta property=\"og:image:width\" content=\"409\" \/>\n\t<meta property=\"og:image:height\" content=\"220\" \/>\n\t<meta property=\"og:image:type\" content=\"image\/webp\" \/>\n<meta name=\"author\" content=\"Dzintars Kalnins\" \/>\n<meta name=\"twitter:card\" content=\"summary_large_image\" \/>\n<meta name=\"twitter:label1\" content=\"Written by\" \/>\n\t<meta name=\"twitter:data1\" content=\"Dzintars Kalnins\" \/>\n\t<meta name=\"twitter:label2\" content=\"Est. reading time\" \/>\n\t<meta name=\"twitter:data2\" content=\"4 min\u016btes\" \/>\n<script type=\"application\/ld+json\" class=\"yoast-schema-graph\">{\"@context\":\"https:\\\/\\\/schema.org\",\"@graph\":[{\"@type\":\"Article\",\"@id\":\"https:\\\/\\\/paintnprogress.art\\\/ka-trenet-kontrasta-sajutu-gleznieciba\\\/#article\",\"isPartOf\":{\"@id\":\"https:\\\/\\\/paintnprogress.art\\\/ka-trenet-kontrasta-sajutu-gleznieciba\\\/\"},\"author\":{\"name\":\"Dzintars Kalnins\",\"@id\":\"https:\\\/\\\/paintnprogress.art\\\/#\\\/schema\\\/person\\\/43a6bd04d9115a35e71b1befde33714b\"},\"headline\":\"K\u0101 tren\u0113t kontrasta saj\u016btu glezniec\u012bb\u0101\",\"datePublished\":\"2026-03-12T10:38:43+00:00\",\"dateModified\":\"2026-03-12T10:57:04+00:00\",\"mainEntityOfPage\":{\"@id\":\"https:\\\/\\\/paintnprogress.art\\\/ka-trenet-kontrasta-sajutu-gleznieciba\\\/\"},\"wordCount\":563,\"commentCount\":0,\"publisher\":{\"@id\":\"https:\\\/\\\/paintnprogress.art\\\/#organization\"},\"image\":{\"@id\":\"https:\\\/\\\/paintnprogress.art\\\/ka-trenet-kontrasta-sajutu-gleznieciba\\\/#primaryimage\"},\"thumbnailUrl\":\"https:\\\/\\\/paintnprogress.art\\\/wp-content\\\/uploads\\\/2026\\\/03\\\/kontrasta-sajutu-gleznieciba-8.webp\",\"keywords\":[\"glezno\u0161anas nodarb\u012bbas glezno\u0161anas vingrin\u0101jumi kontrasts glezniec\u012bb\u0101 kr\u0101su kontrasts glezno\u0161anas nodarb\u012bbas R\u012bg\u0101 m\u0101kslas studija R\u012bg\u0101\",\"glezno\u0161anas nodarb\u012bbas R\u012bg\u0101\",\"kontrasts glezniec\u012bb\u0101\",\"kr\u0101su kontrasts\"],\"articleSection\":[\"Ies\u0101c\u0113jiem &amp; Jaunpien\u0101c\u0113jiem\"],\"inLanguage\":\"lv-LV\",\"potentialAction\":[{\"@type\":\"CommentAction\",\"name\":\"Comment\",\"target\":[\"https:\\\/\\\/paintnprogress.art\\\/ka-trenet-kontrasta-sajutu-gleznieciba\\\/#respond\"]}]},{\"@type\":\"WebPage\",\"@id\":\"https:\\\/\\\/paintnprogress.art\\\/ka-trenet-kontrasta-sajutu-gleznieciba\\\/\",\"url\":\"https:\\\/\\\/paintnprogress.art\\\/ka-trenet-kontrasta-sajutu-gleznieciba\\\/\",\"name\":\"K\u0101 tren\u0113t kontrasta saj\u016btu glezniec\u012bb\u0101 - paintnprogress.art\",\"isPartOf\":{\"@id\":\"https:\\\/\\\/paintnprogress.art\\\/#website\"},\"primaryImageOfPage\":{\"@id\":\"https:\\\/\\\/paintnprogress.art\\\/ka-trenet-kontrasta-sajutu-gleznieciba\\\/#primaryimage\"},\"image\":{\"@id\":\"https:\\\/\\\/paintnprogress.art\\\/ka-trenet-kontrasta-sajutu-gleznieciba\\\/#primaryimage\"},\"thumbnailUrl\":\"https:\\\/\\\/paintnprogress.art\\\/wp-content\\\/uploads\\\/2026\\\/03\\\/kontrasta-sajutu-gleznieciba-8.webp\",\"datePublished\":\"2026-03-12T10:38:43+00:00\",\"dateModified\":\"2026-03-12T10:57:04+00:00\",\"description\":\"Uzzini, k\u0101 tren\u0113t kontrasta saj\u016btu glezniec\u012bb\u0101. Praktiski vingrin\u0101jumi ar ton\u0101lo, kr\u0101su un silto\u2013auksto kontrastu ies\u0101c\u0113jiem un studentiem.\",\"breadcrumb\":{\"@id\":\"https:\\\/\\\/paintnprogress.art\\\/ka-trenet-kontrasta-sajutu-gleznieciba\\\/#breadcrumb\"},\"inLanguage\":\"lv-LV\",\"potentialAction\":[{\"@type\":\"ReadAction\",\"target\":[\"https:\\\/\\\/paintnprogress.art\\\/ka-trenet-kontrasta-sajutu-gleznieciba\\\/\"]}]},{\"@type\":\"ImageObject\",\"inLanguage\":\"lv-LV\",\"@id\":\"https:\\\/\\\/paintnprogress.art\\\/ka-trenet-kontrasta-sajutu-gleznieciba\\\/#primaryimage\",\"url\":\"https:\\\/\\\/paintnprogress.art\\\/wp-content\\\/uploads\\\/2026\\\/03\\\/kontrasta-sajutu-gleznieciba-8.webp\",\"contentUrl\":\"https:\\\/\\\/paintnprogress.art\\\/wp-content\\\/uploads\\\/2026\\\/03\\\/kontrasta-sajutu-gleznieciba-8.webp\",\"width\":409,\"height\":220,\"caption\":\"kontrasta saj\u016btu glezniec\u012bb\u0101\"},{\"@type\":\"BreadcrumbList\",\"@id\":\"https:\\\/\\\/paintnprogress.art\\\/ka-trenet-kontrasta-sajutu-gleznieciba\\\/#breadcrumb\",\"itemListElement\":[{\"@type\":\"ListItem\",\"position\":1,\"name\":\"Home\",\"item\":\"https:\\\/\\\/paintnprogress.art\\\/\"},{\"@type\":\"ListItem\",\"position\":2,\"name\":\"K\u0101 tren\u0113t kontrasta saj\u016btu glezniec\u012bb\u0101\"}]},{\"@type\":\"WebSite\",\"@id\":\"https:\\\/\\\/paintnprogress.art\\\/#website\",\"url\":\"https:\\\/\\\/paintnprogress.art\\\/\",\"name\":\"paintnprogress.art\",\"description\":\"Glezno\u0161anas Nodarb\u012bbas\",\"publisher\":{\"@id\":\"https:\\\/\\\/paintnprogress.art\\\/#organization\"},\"potentialAction\":[{\"@type\":\"SearchAction\",\"target\":{\"@type\":\"EntryPoint\",\"urlTemplate\":\"https:\\\/\\\/paintnprogress.art\\\/?s={search_term_string}\"},\"query-input\":{\"@type\":\"PropertyValueSpecification\",\"valueRequired\":true,\"valueName\":\"search_term_string\"}}],\"inLanguage\":\"lv-LV\"},{\"@type\":\"Organization\",\"@id\":\"https:\\\/\\\/paintnprogress.art\\\/#organization\",\"name\":\"Paint&Progress\",\"alternateName\":\"Paint and Progress\",\"url\":\"https:\\\/\\\/paintnprogress.art\\\/\",\"logo\":{\"@type\":\"ImageObject\",\"inLanguage\":\"lv-LV\",\"@id\":\"https:\\\/\\\/paintnprogress.art\\\/#\\\/schema\\\/logo\\\/image\\\/\",\"url\":\"https:\\\/\\\/paintnprogress.art\\\/wp-content\\\/uploads\\\/2025\\\/01\\\/512.webp\",\"contentUrl\":\"https:\\\/\\\/paintnprogress.art\\\/wp-content\\\/uploads\\\/2025\\\/01\\\/512.webp\",\"width\":512,\"height\":512,\"caption\":\"Paint&Progress\"},\"image\":{\"@id\":\"https:\\\/\\\/paintnprogress.art\\\/#\\\/schema\\\/logo\\\/image\\\/\"},\"sameAs\":[\"https:\\\/\\\/www.facebook.com\\\/paintnprogressart\",\"https:\\\/\\\/www.youtube.com\\\/@PaintAndProgressArt\",\"https:\\\/\\\/www.tiktok.com\\\/@paint_and_progress?lang=lv\"]},{\"@type\":\"Person\",\"@id\":\"https:\\\/\\\/paintnprogress.art\\\/#\\\/schema\\\/person\\\/43a6bd04d9115a35e71b1befde33714b\",\"name\":\"Dzintars Kalnins\",\"image\":{\"@type\":\"ImageObject\",\"inLanguage\":\"lv-LV\",\"@id\":\"https:\\\/\\\/secure.gravatar.com\\\/avatar\\\/7b952c8e594ca66e9ed384f884a0f1bd9c67d5c8675daf25913dad50bbd637e1?s=96&d=mm&r=g\",\"url\":\"https:\\\/\\\/secure.gravatar.com\\\/avatar\\\/7b952c8e594ca66e9ed384f884a0f1bd9c67d5c8675daf25913dad50bbd637e1?s=96&d=mm&r=g\",\"contentUrl\":\"https:\\\/\\\/secure.gravatar.com\\\/avatar\\\/7b952c8e594ca66e9ed384f884a0f1bd9c67d5c8675daf25913dad50bbd637e1?s=96&d=mm&r=g\",\"caption\":\"Dzintars Kalnins\"},\"sameAs\":[\"https:\\\/\\\/paintnprogress.art\",\"https:\\\/\\\/www.instagram.com\\\/kalnin_dzintar\\\/\"]}]}<\/script>\n<!-- \/ Yoast SEO plugin. -->","yoast_head_json":{"title":"K\u0101 tren\u0113t kontrasta saj\u016btu glezniec\u012bb\u0101 - paintnprogress.art","description":"Uzzini, k\u0101 tren\u0113t kontrasta saj\u016btu glezniec\u012bb\u0101. Praktiski vingrin\u0101jumi ar ton\u0101lo, kr\u0101su un silto\u2013auksto kontrastu ies\u0101c\u0113jiem un studentiem.","robots":{"index":"index","follow":"follow","max-snippet":"max-snippet:-1","max-image-preview":"max-image-preview:large","max-video-preview":"max-video-preview:-1"},"canonical":"https:\/\/paintnprogress.art\/lv\/ka-trenet-kontrasta-sajutu-gleznieciba\/","og_locale":"lv_LV","og_type":"article","og_title":"K\u0101 tren\u0113t kontrasta saj\u016btu glezniec\u012bb\u0101 - paintnprogress.art","og_description":"Uzzini, k\u0101 tren\u0113t kontrasta saj\u016btu glezniec\u012bb\u0101. Praktiski vingrin\u0101jumi ar ton\u0101lo, kr\u0101su un silto\u2013auksto kontrastu ies\u0101c\u0113jiem un studentiem.","og_url":"https:\/\/paintnprogress.art\/lv\/ka-trenet-kontrasta-sajutu-gleznieciba\/","og_site_name":"paintnprogress.art","article_publisher":"https:\/\/www.facebook.com\/paintnprogressart","article_published_time":"2026-03-12T10:38:43+00:00","article_modified_time":"2026-03-12T10:57:04+00:00","og_image":[{"width":409,"height":220,"url":"https:\/\/paintnprogress.art\/wp-content\/uploads\/2026\/03\/kontrasta-sajutu-gleznieciba-8.webp","type":"image\/webp"}],"author":"Dzintars Kalnins","twitter_card":"summary_large_image","twitter_misc":{"Written by":"Dzintars Kalnins","Est. reading time":"4 min\u016btes"},"schema":{"@context":"https:\/\/schema.org","@graph":[{"@type":"Article","@id":"https:\/\/paintnprogress.art\/ka-trenet-kontrasta-sajutu-gleznieciba\/#article","isPartOf":{"@id":"https:\/\/paintnprogress.art\/ka-trenet-kontrasta-sajutu-gleznieciba\/"},"author":{"name":"Dzintars Kalnins","@id":"https:\/\/paintnprogress.art\/#\/schema\/person\/43a6bd04d9115a35e71b1befde33714b"},"headline":"K\u0101 tren\u0113t kontrasta saj\u016btu glezniec\u012bb\u0101","datePublished":"2026-03-12T10:38:43+00:00","dateModified":"2026-03-12T10:57:04+00:00","mainEntityOfPage":{"@id":"https:\/\/paintnprogress.art\/ka-trenet-kontrasta-sajutu-gleznieciba\/"},"wordCount":563,"commentCount":0,"publisher":{"@id":"https:\/\/paintnprogress.art\/#organization"},"image":{"@id":"https:\/\/paintnprogress.art\/ka-trenet-kontrasta-sajutu-gleznieciba\/#primaryimage"},"thumbnailUrl":"https:\/\/paintnprogress.art\/wp-content\/uploads\/2026\/03\/kontrasta-sajutu-gleznieciba-8.webp","keywords":["glezno\u0161anas nodarb\u012bbas glezno\u0161anas vingrin\u0101jumi kontrasts glezniec\u012bb\u0101 kr\u0101su kontrasts glezno\u0161anas nodarb\u012bbas R\u012bg\u0101 m\u0101kslas studija R\u012bg\u0101","glezno\u0161anas nodarb\u012bbas R\u012bg\u0101","kontrasts glezniec\u012bb\u0101","kr\u0101su kontrasts"],"articleSection":["Ies\u0101c\u0113jiem &amp; Jaunpien\u0101c\u0113jiem"],"inLanguage":"lv-LV","potentialAction":[{"@type":"CommentAction","name":"Comment","target":["https:\/\/paintnprogress.art\/ka-trenet-kontrasta-sajutu-gleznieciba\/#respond"]}]},{"@type":"WebPage","@id":"https:\/\/paintnprogress.art\/ka-trenet-kontrasta-sajutu-gleznieciba\/","url":"https:\/\/paintnprogress.art\/ka-trenet-kontrasta-sajutu-gleznieciba\/","name":"K\u0101 tren\u0113t kontrasta saj\u016btu glezniec\u012bb\u0101 - paintnprogress.art","isPartOf":{"@id":"https:\/\/paintnprogress.art\/#website"},"primaryImageOfPage":{"@id":"https:\/\/paintnprogress.art\/ka-trenet-kontrasta-sajutu-gleznieciba\/#primaryimage"},"image":{"@id":"https:\/\/paintnprogress.art\/ka-trenet-kontrasta-sajutu-gleznieciba\/#primaryimage"},"thumbnailUrl":"https:\/\/paintnprogress.art\/wp-content\/uploads\/2026\/03\/kontrasta-sajutu-gleznieciba-8.webp","datePublished":"2026-03-12T10:38:43+00:00","dateModified":"2026-03-12T10:57:04+00:00","description":"Uzzini, k\u0101 tren\u0113t kontrasta saj\u016btu glezniec\u012bb\u0101. Praktiski vingrin\u0101jumi ar ton\u0101lo, kr\u0101su un silto\u2013auksto kontrastu ies\u0101c\u0113jiem un studentiem.","breadcrumb":{"@id":"https:\/\/paintnprogress.art\/ka-trenet-kontrasta-sajutu-gleznieciba\/#breadcrumb"},"inLanguage":"lv-LV","potentialAction":[{"@type":"ReadAction","target":["https:\/\/paintnprogress.art\/ka-trenet-kontrasta-sajutu-gleznieciba\/"]}]},{"@type":"ImageObject","inLanguage":"lv-LV","@id":"https:\/\/paintnprogress.art\/ka-trenet-kontrasta-sajutu-gleznieciba\/#primaryimage","url":"https:\/\/paintnprogress.art\/wp-content\/uploads\/2026\/03\/kontrasta-sajutu-gleznieciba-8.webp","contentUrl":"https:\/\/paintnprogress.art\/wp-content\/uploads\/2026\/03\/kontrasta-sajutu-gleznieciba-8.webp","width":409,"height":220,"caption":"kontrasta saj\u016btu glezniec\u012bb\u0101"},{"@type":"BreadcrumbList","@id":"https:\/\/paintnprogress.art\/ka-trenet-kontrasta-sajutu-gleznieciba\/#breadcrumb","itemListElement":[{"@type":"ListItem","position":1,"name":"Home","item":"https:\/\/paintnprogress.art\/"},{"@type":"ListItem","position":2,"name":"K\u0101 tren\u0113t kontrasta saj\u016btu glezniec\u012bb\u0101"}]},{"@type":"WebSite","@id":"https:\/\/paintnprogress.art\/#website","url":"https:\/\/paintnprogress.art\/","name":"paintnprogress.art","description":"Glezno\u0161anas Nodarb\u012bbas","publisher":{"@id":"https:\/\/paintnprogress.art\/#organization"},"potentialAction":[{"@type":"SearchAction","target":{"@type":"EntryPoint","urlTemplate":"https:\/\/paintnprogress.art\/?s={search_term_string}"},"query-input":{"@type":"PropertyValueSpecification","valueRequired":true,"valueName":"search_term_string"}}],"inLanguage":"lv-LV"},{"@type":"Organization","@id":"https:\/\/paintnprogress.art\/#organization","name":"Paint&Progress","alternateName":"Paint and Progress","url":"https:\/\/paintnprogress.art\/","logo":{"@type":"ImageObject","inLanguage":"lv-LV","@id":"https:\/\/paintnprogress.art\/#\/schema\/logo\/image\/","url":"https:\/\/paintnprogress.art\/wp-content\/uploads\/2025\/01\/512.webp","contentUrl":"https:\/\/paintnprogress.art\/wp-content\/uploads\/2025\/01\/512.webp","width":512,"height":512,"caption":"Paint&Progress"},"image":{"@id":"https:\/\/paintnprogress.art\/#\/schema\/logo\/image\/"},"sameAs":["https:\/\/www.facebook.com\/paintnprogressart","https:\/\/www.youtube.com\/@PaintAndProgressArt","https:\/\/www.tiktok.com\/@paint_and_progress?lang=lv"]},{"@type":"Person","@id":"https:\/\/paintnprogress.art\/#\/schema\/person\/43a6bd04d9115a35e71b1befde33714b","name":"Dzintars Kalnins","image":{"@type":"ImageObject","inLanguage":"lv-LV","@id":"https:\/\/secure.gravatar.com\/avatar\/7b952c8e594ca66e9ed384f884a0f1bd9c67d5c8675daf25913dad50bbd637e1?s=96&d=mm&r=g","url":"https:\/\/secure.gravatar.com\/avatar\/7b952c8e594ca66e9ed384f884a0f1bd9c67d5c8675daf25913dad50bbd637e1?s=96&d=mm&r=g","contentUrl":"https:\/\/secure.gravatar.com\/avatar\/7b952c8e594ca66e9ed384f884a0f1bd9c67d5c8675daf25913dad50bbd637e1?s=96&d=mm&r=g","caption":"Dzintars Kalnins"},"sameAs":["https:\/\/paintnprogress.art","https:\/\/www.instagram.com\/kalnin_dzintar\/"]}]}},"uagb_featured_image_src":{"full":["https:\/\/paintnprogress.art\/wp-content\/uploads\/2026\/03\/kontrasta-sajutu-gleznieciba-8.webp",409,220,false],"thumbnail":["https:\/\/paintnprogress.art\/wp-content\/uploads\/2026\/03\/kontrasta-sajutu-gleznieciba-8-150x150.webp",150,150,true],"medium":["https:\/\/paintnprogress.art\/wp-content\/uploads\/2026\/03\/kontrasta-sajutu-gleznieciba-8-300x161.webp",300,161,true],"medium_large":["https:\/\/paintnprogress.art\/wp-content\/uploads\/2026\/03\/kontrasta-sajutu-gleznieciba-8.webp",409,220,false],"large":["https:\/\/paintnprogress.art\/wp-content\/uploads\/2026\/03\/kontrasta-sajutu-gleznieciba-8.webp",409,220,false],"1536x1536":["https:\/\/paintnprogress.art\/wp-content\/uploads\/2026\/03\/kontrasta-sajutu-gleznieciba-8.webp",409,220,false],"2048x2048":["https:\/\/paintnprogress.art\/wp-content\/uploads\/2026\/03\/kontrasta-sajutu-gleznieciba-8.webp",409,220,false],"trp-custom-language-flag":["https:\/\/paintnprogress.art\/wp-content\/uploads\/2026\/03\/kontrasta-sajutu-gleznieciba-8-18x10.webp",18,10,true],"woocommerce_thumbnail":["https:\/\/paintnprogress.art\/wp-content\/uploads\/2026\/03\/kontrasta-sajutu-gleznieciba-8-300x220.webp",300,220,true],"woocommerce_single":["https:\/\/paintnprogress.art\/wp-content\/uploads\/2026\/03\/kontrasta-sajutu-gleznieciba-8.webp",409,220,false],"woocommerce_gallery_thumbnail":["https:\/\/paintnprogress.art\/wp-content\/uploads\/2026\/03\/kontrasta-sajutu-gleznieciba-8-100x100.webp",100,100,true]},"uagb_author_info":{"display_name":"Dzintars Kalnins","author_link":"https:\/\/paintnprogress.art\/lv\/author\/dzk765gmail-com\/"},"uagb_comment_info":0,"uagb_excerpt":"Kontrasts ir viens no svar\u012bg\u0101kajiem elementiem glezniec\u012bb\u0101. Tie\u0161i kontrasts pal\u012bdz skat\u012bt\u0101jam uztvert gaismu, telpu un formu. Ja glezn\u0101 nav kontrasta, [&hellip;]","_links":{"self":[{"href":"https:\/\/paintnprogress.art\/lv\/wp-json\/wp\/v2\/posts\/8005","targetHints":{"allow":["GET"]}}],"collection":[{"href":"https:\/\/paintnprogress.art\/lv\/wp-json\/wp\/v2\/posts"}],"about":[{"href":"https:\/\/paintnprogress.art\/lv\/wp-json\/wp\/v2\/types\/post"}],"author":[{"embeddable":true,"href":"https:\/\/paintnprogress.art\/lv\/wp-json\/wp\/v2\/users\/1"}],"replies":[{"embeddable":true,"href":"https:\/\/paintnprogress.art\/lv\/wp-json\/wp\/v2\/comments?post=8005"}],"version-history":[{"count":0,"href":"https:\/\/paintnprogress.art\/lv\/wp-json\/wp\/v2\/posts\/8005\/revisions"}],"wp:featuredmedia":[{"embeddable":true,"href":"https:\/\/paintnprogress.art\/lv\/wp-json\/wp\/v2\/media\/8023"}],"wp:attachment":[{"href":"https:\/\/paintnprogress.art\/lv\/wp-json\/wp\/v2\/media?parent=8005"}],"wp:term":[{"taxonomy":"category","embeddable":true,"href":"https:\/\/paintnprogress.art\/lv\/wp-json\/wp\/v2\/categories?post=8005"},{"taxonomy":"post_tag","embeddable":true,"href":"https:\/\/paintnprogress.art\/lv\/wp-json\/wp\/v2\/tags?post=8005"}],"curies":[{"name":"wp","href":"https:\/\/api.w.org\/{rel}","templated":true}]}}